
{"id":139,"date":"2018-09-20T16:47:03","date_gmt":"2018-09-20T16:47:03","guid":{"rendered":"http:\/\/perandkens.com\/?p=139"},"modified":"2018-11-15T15:56:53","modified_gmt":"2018-11-15T15:56:53","slug":"vuelta-a-la-peninsula-capitulo-9-vielha-bagneres-de-luchon-barbastro","status":"publish","type":"post","link":"https:\/\/perandkens.com\/?p=139","title":{"rendered":"Cap\u00edtulo 9 \u2013 Vielha &#8211; Bagn\u00e8res-de-Luchon &#8211; Barbastro"},"content":{"rendered":"<p>El objetivo del 15 de junio era llegar a Barbastro, donde nos esperaba la III Concentraci\u00f3n del Foro Pan European. Pero llegados a este punto, no \u00edbamos a perder la oportunidad de cruzar a Francia y visitar algunas de sus peque\u00f1as ciudades.<\/p>\n<p>La previsi\u00f3n meteorol\u00f3gica no era nada buena. Anunciaba tormentas con cierta intensidad a partir de mediod\u00eda, lo que nos mantuvo alerta todo el d\u00eda. Salimos temprano hacia Bagn\u00e8res-de-Luchon, ciudad conocida por su antiguo balneario y que nos defraud\u00f3 un poco por lo vac\u00eda que estaba. Como el resto de ciudades del Pirineo, suponemos que en Invierno tendr\u00e1 otra imagen. Intentamos visitar su famoso balneario, pero como casi todo, tambi\u00e9n estaba cerrado. Adem\u00e1s, comenzaron a caer algunas gotas, as\u00ed que tras un corto paseo, decidimos emprender la marcha por si comenzaba a llover de verdad.<\/p>\n<div id=\"attachment_143\" style=\"width: 810px\" class=\"wp-caption aligncenter\"><img decoding=\"async\" aria-describedby=\"caption-attachment-143\" class=\"size-full wp-image-143 lazyload\" data-src=\"http:\/\/perandkens.com\/wp-content\/uploads\/2018\/09\/IMG_20180615_102156.jpg\" alt=\"\" width=\"800\" height=\"452\" data-srcset=\"https:\/\/perandkens.com\/wp-content\/uploads\/2018\/09\/IMG_20180615_102156.jpg 800w, https:\/\/perandkens.com\/wp-content\/uploads\/2018\/09\/IMG_20180615_102156-300x170.jpg 300w, https:\/\/perandkens.com\/wp-content\/uploads\/2018\/09\/IMG_20180615_102156-768x434.jpg 768w, https:\/\/perandkens.com\/wp-content\/uploads\/2018\/09\/IMG_20180615_102156-700x396.jpg 700w\" data-sizes=\"(max-width: 800px) 100vw, 800px\" src=\"data:image\/svg+xml;base64,PHN2ZyB3aWR0aD0iMSIgaGVpZ2h0PSIxIiB4bWxucz0iaHR0cDovL3d3dy53My5vcmcvMjAwMC9zdmciPjwvc3ZnPg==\" style=\"--smush-placeholder-width: 800px; --smush-placeholder-aspect-ratio: 800\/452;\" \/><p id=\"caption-attachment-143\" class=\"wp-caption-text\">La Pan cargadita, lista para otro d\u00eda de curvas<\/p><\/div>\n<div id=\"attachment_140\" style=\"width: 810px\" class=\"wp-caption aligncenter\"><img decoding=\"async\" aria-describedby=\"caption-attachment-140\" class=\"size-full wp-image-140 lazyload\" data-src=\"http:\/\/perandkens.com\/wp-content\/uploads\/2018\/09\/Foto-15-6-18-9-54-10.jpg\" alt=\"\" width=\"800\" height=\"600\" data-srcset=\"https:\/\/perandkens.com\/wp-content\/uploads\/2018\/09\/Foto-15-6-18-9-54-10.jpg 800w, https:\/\/perandkens.com\/wp-content\/uploads\/2018\/09\/Foto-15-6-18-9-54-10-300x225.jpg 300w, https:\/\/perandkens.com\/wp-content\/uploads\/2018\/09\/Foto-15-6-18-9-54-10-768x576.jpg 768w, https:\/\/perandkens.com\/wp-content\/uploads\/2018\/09\/Foto-15-6-18-9-54-10-700x525.jpg 700w\" data-sizes=\"(max-width: 800px) 100vw, 800px\" src=\"data:image\/svg+xml;base64,PHN2ZyB3aWR0aD0iMSIgaGVpZ2h0PSIxIiB4bWxucz0iaHR0cDovL3d3dy53My5vcmcvMjAwMC9zdmciPjwvc3ZnPg==\" style=\"--smush-placeholder-width: 800px; --smush-placeholder-aspect-ratio: 800\/600;\" \/><p id=\"caption-attachment-140\" class=\"wp-caption-text\">\u00a1Francia!<\/p><\/div>\n<p>&nbsp;<\/p>\n<div id=\"attachment_141\" style=\"width: 810px\" class=\"wp-caption aligncenter\"><img decoding=\"async\" aria-describedby=\"caption-attachment-141\" class=\"size-full wp-image-141 lazyload\" data-src=\"http:\/\/perandkens.com\/wp-content\/uploads\/2018\/09\/Foto-15-6-18-10-29-55.jpg\" alt=\"\" width=\"800\" height=\"600\" data-srcset=\"https:\/\/perandkens.com\/wp-content\/uploads\/2018\/09\/Foto-15-6-18-10-29-55.jpg 800w, https:\/\/perandkens.com\/wp-content\/uploads\/2018\/09\/Foto-15-6-18-10-29-55-300x225.jpg 300w, https:\/\/perandkens.com\/wp-content\/uploads\/2018\/09\/Foto-15-6-18-10-29-55-768x576.jpg 768w, https:\/\/perandkens.com\/wp-content\/uploads\/2018\/09\/Foto-15-6-18-10-29-55-700x525.jpg 700w\" data-sizes=\"(max-width: 800px) 100vw, 800px\" src=\"data:image\/svg+xml;base64,PHN2ZyB3aWR0aD0iMSIgaGVpZ2h0PSIxIiB4bWxucz0iaHR0cDovL3d3dy53My5vcmcvMjAwMC9zdmciPjwvc3ZnPg==\" style=\"--smush-placeholder-width: 800px; --smush-placeholder-aspect-ratio: 800\/600;\" \/><p id=\"caption-attachment-141\" class=\"wp-caption-text\">Una ruta preciosa<\/p><\/div>\n<p>&nbsp;<\/p>\n<div id=\"attachment_142\" style=\"width: 810px\" class=\"wp-caption aligncenter\"><img decoding=\"async\" aria-describedby=\"caption-attachment-142\" class=\"size-full wp-image-142 lazyload\" data-src=\"http:\/\/perandkens.com\/wp-content\/uploads\/2018\/09\/Foto-15-6-18-11-15-44.jpg\" alt=\"\" width=\"800\" height=\"600\" data-srcset=\"https:\/\/perandkens.com\/wp-content\/uploads\/2018\/09\/Foto-15-6-18-11-15-44.jpg 800w, https:\/\/perandkens.com\/wp-content\/uploads\/2018\/09\/Foto-15-6-18-11-15-44-300x225.jpg 300w, https:\/\/perandkens.com\/wp-content\/uploads\/2018\/09\/Foto-15-6-18-11-15-44-768x576.jpg 768w, https:\/\/perandkens.com\/wp-content\/uploads\/2018\/09\/Foto-15-6-18-11-15-44-700x525.jpg 700w\" data-sizes=\"(max-width: 800px) 100vw, 800px\" src=\"data:image\/svg+xml;base64,PHN2ZyB3aWR0aD0iMSIgaGVpZ2h0PSIxIiB4bWxucz0iaHR0cDovL3d3dy53My5vcmcvMjAwMC9zdmciPjwvc3ZnPg==\" style=\"--smush-placeholder-width: 800px; --smush-placeholder-aspect-ratio: 800\/600;\" \/><p id=\"caption-attachment-142\" class=\"wp-caption-text\">Una parada en el camino<\/p><\/div>\n<div id=\"attachment_144\" style=\"width: 810px\" class=\"wp-caption aligncenter\"><img decoding=\"async\" aria-describedby=\"caption-attachment-144\" class=\"size-full wp-image-144 lazyload\" data-src=\"http:\/\/perandkens.com\/wp-content\/uploads\/2018\/09\/IMG_20180615_125832.jpg\" alt=\"\" width=\"800\" height=\"452\" data-srcset=\"https:\/\/perandkens.com\/wp-content\/uploads\/2018\/09\/IMG_20180615_125832.jpg 800w, https:\/\/perandkens.com\/wp-content\/uploads\/2018\/09\/IMG_20180615_125832-300x170.jpg 300w, https:\/\/perandkens.com\/wp-content\/uploads\/2018\/09\/IMG_20180615_125832-768x434.jpg 768w, https:\/\/perandkens.com\/wp-content\/uploads\/2018\/09\/IMG_20180615_125832-700x396.jpg 700w\" data-sizes=\"(max-width: 800px) 100vw, 800px\" src=\"data:image\/svg+xml;base64,PHN2ZyB3aWR0aD0iMSIgaGVpZ2h0PSIxIiB4bWxucz0iaHR0cDovL3d3dy53My5vcmcvMjAwMC9zdmciPjwvc3ZnPg==\" style=\"--smush-placeholder-width: 800px; --smush-placeholder-aspect-ratio: 800\/452;\" \/><p id=\"caption-attachment-144\" class=\"wp-caption-text\">Balneario<\/p><\/div>\n<p>&nbsp;<\/p>\n<div id=\"attachment_145\" style=\"width: 810px\" class=\"wp-caption aligncenter\"><img decoding=\"async\" aria-describedby=\"caption-attachment-145\" class=\"size-full wp-image-145 lazyload\" data-src=\"http:\/\/perandkens.com\/wp-content\/uploads\/2018\/09\/IMG_20180615_125928.jpg\" alt=\"\" width=\"800\" height=\"452\" data-srcset=\"https:\/\/perandkens.com\/wp-content\/uploads\/2018\/09\/IMG_20180615_125928.jpg 800w, https:\/\/perandkens.com\/wp-content\/uploads\/2018\/09\/IMG_20180615_125928-300x170.jpg 300w, https:\/\/perandkens.com\/wp-content\/uploads\/2018\/09\/IMG_20180615_125928-768x434.jpg 768w, https:\/\/perandkens.com\/wp-content\/uploads\/2018\/09\/IMG_20180615_125928-700x396.jpg 700w\" data-sizes=\"(max-width: 800px) 100vw, 800px\" src=\"data:image\/svg+xml;base64,PHN2ZyB3aWR0aD0iMSIgaGVpZ2h0PSIxIiB4bWxucz0iaHR0cDovL3d3dy53My5vcmcvMjAwMC9zdmciPjwvc3ZnPg==\" style=\"--smush-placeholder-width: 800px; --smush-placeholder-aspect-ratio: 800\/452;\" \/><p id=\"caption-attachment-145\" class=\"wp-caption-text\">\u00a1Comienza a llover!<\/p><\/div>\n<p>Nos dirigimos hacia\u00a0Saint-Lary-Soulan, el \u00faltimo pueblo que te encuentras antes de llegar a Espa\u00f1a. Un lugar muy de campo franc\u00e9s que nos gust\u00f3 mucho. Adem\u00e1s, parece que ya hab\u00edamos dejado atr\u00e1s las nubes de tormenta, por lo que el camino fue muy agradable, con buenas carreteras, verdes prados, vacas y ovejas pastando aqu\u00ed y all\u00e1&#8230; Como an\u00e9cdota, nos saltamos un cruce al salir de Bagn\u00e8res-de-Luchon y el GPS nos desvi\u00f3 4 kil\u00f3metros monta\u00f1a arriba hasta llegar a una estaci\u00f3n de esqu\u00ed donde no hab\u00eda salida. \u00a1Pero el paisaje nos gust\u00f3 much\u00edsimo!<\/p>\n<p>&nbsp;<\/p>\n<div id=\"attachment_155\" style=\"width: 810px\" class=\"wp-caption aligncenter\"><img decoding=\"async\" aria-describedby=\"caption-attachment-155\" class=\"size-full wp-image-155 lazyload\" data-src=\"http:\/\/perandkens.com\/wp-content\/uploads\/2018\/09\/Foto-15-6-18-12-51-26.jpg\" alt=\"\" width=\"800\" height=\"600\" data-srcset=\"https:\/\/perandkens.com\/wp-content\/uploads\/2018\/09\/Foto-15-6-18-12-51-26.jpg 800w, https:\/\/perandkens.com\/wp-content\/uploads\/2018\/09\/Foto-15-6-18-12-51-26-300x225.jpg 300w, https:\/\/perandkens.com\/wp-content\/uploads\/2018\/09\/Foto-15-6-18-12-51-26-768x576.jpg 768w, https:\/\/perandkens.com\/wp-content\/uploads\/2018\/09\/Foto-15-6-18-12-51-26-700x525.jpg 700w\" data-sizes=\"(max-width: 800px) 100vw, 800px\" src=\"data:image\/svg+xml;base64,PHN2ZyB3aWR0aD0iMSIgaGVpZ2h0PSIxIiB4bWxucz0iaHR0cDovL3d3dy53My5vcmcvMjAwMC9zdmciPjwvc3ZnPg==\" style=\"--smush-placeholder-width: 800px; --smush-placeholder-aspect-ratio: 800\/600;\" \/><p id=\"caption-attachment-155\" class=\"wp-caption-text\">Llegamos a una estaci\u00f3n de esqu\u00ed<\/p><\/div>\n<div id=\"attachment_148\" style=\"width: 810px\" class=\"wp-caption aligncenter\"><img decoding=\"async\" aria-describedby=\"caption-attachment-148\" class=\"size-full wp-image-148 lazyload\" data-src=\"http:\/\/perandkens.com\/wp-content\/uploads\/2018\/09\/Foto-15-6-18-13-37-56.jpg\" alt=\"\" width=\"800\" height=\"600\" data-srcset=\"https:\/\/perandkens.com\/wp-content\/uploads\/2018\/09\/Foto-15-6-18-13-37-56.jpg 800w, https:\/\/perandkens.com\/wp-content\/uploads\/2018\/09\/Foto-15-6-18-13-37-56-300x225.jpg 300w, https:\/\/perandkens.com\/wp-content\/uploads\/2018\/09\/Foto-15-6-18-13-37-56-768x576.jpg 768w, https:\/\/perandkens.com\/wp-content\/uploads\/2018\/09\/Foto-15-6-18-13-37-56-700x525.jpg 700w\" data-sizes=\"(max-width: 800px) 100vw, 800px\" src=\"data:image\/svg+xml;base64,PHN2ZyB3aWR0aD0iMSIgaGVpZ2h0PSIxIiB4bWxucz0iaHR0cDovL3d3dy53My5vcmcvMjAwMC9zdmciPjwvc3ZnPg==\" style=\"--smush-placeholder-width: 800px; --smush-placeholder-aspect-ratio: 800\/600;\" \/><p id=\"caption-attachment-148\" class=\"wp-caption-text\">Saint Lary Soulan<\/p><\/div>\n<p>&nbsp;<\/p>\n<div id=\"attachment_149\" style=\"width: 810px\" class=\"wp-caption aligncenter\"><img decoding=\"async\" aria-describedby=\"caption-attachment-149\" class=\"size-full wp-image-149 lazyload\" data-src=\"http:\/\/perandkens.com\/wp-content\/uploads\/2018\/09\/Foto-15-6-18-13-38-59.jpg\" alt=\"\" width=\"800\" height=\"1067\" data-srcset=\"https:\/\/perandkens.com\/wp-content\/uploads\/2018\/09\/Foto-15-6-18-13-38-59.jpg 800w, https:\/\/perandkens.com\/wp-content\/uploads\/2018\/09\/Foto-15-6-18-13-38-59-225x300.jpg 225w, https:\/\/perandkens.com\/wp-content\/uploads\/2018\/09\/Foto-15-6-18-13-38-59-768x1024.jpg 768w, https:\/\/perandkens.com\/wp-content\/uploads\/2018\/09\/Foto-15-6-18-13-38-59-600x800.jpg 600w, https:\/\/perandkens.com\/wp-content\/uploads\/2018\/09\/Foto-15-6-18-13-38-59-700x934.jpg 700w\" data-sizes=\"(max-width: 800px) 100vw, 800px\" src=\"data:image\/svg+xml;base64,PHN2ZyB3aWR0aD0iMSIgaGVpZ2h0PSIxIiB4bWxucz0iaHR0cDovL3d3dy53My5vcmcvMjAwMC9zdmciPjwvc3ZnPg==\" style=\"--smush-placeholder-width: 800px; --smush-placeholder-aspect-ratio: 800\/1067;\" \/><p id=\"caption-attachment-149\" class=\"wp-caption-text\">Saint Lary Soulan<\/p><\/div>\n<p>Tras salir, ya s\u00f3lo nos quedaba pasar a Espa\u00f1a a trav\u00e9s de otro largo t\u00fanel no sin antes ver uno de los paisajes m\u00e1s bonitos de todo el viaje. Cascadas a ambos lados, altas monta\u00f1as, ovejas y vacas pastando,&#8230; Totalmente id\u00edlico&#8230;<\/p>\n<p><img decoding=\"async\" class=\"aligncenter size-full wp-image-150 lazyload\" data-src=\"http:\/\/perandkens.com\/wp-content\/uploads\/2018\/09\/Foto-15-6-18-14-02-38.jpg\" alt=\"\" width=\"800\" height=\"600\" data-srcset=\"https:\/\/perandkens.com\/wp-content\/uploads\/2018\/09\/Foto-15-6-18-14-02-38.jpg 800w, https:\/\/perandkens.com\/wp-content\/uploads\/2018\/09\/Foto-15-6-18-14-02-38-300x225.jpg 300w, https:\/\/perandkens.com\/wp-content\/uploads\/2018\/09\/Foto-15-6-18-14-02-38-768x576.jpg 768w, https:\/\/perandkens.com\/wp-content\/uploads\/2018\/09\/Foto-15-6-18-14-02-38-700x525.jpg 700w\" data-sizes=\"(max-width: 800px) 100vw, 800px\" src=\"data:image\/svg+xml;base64,PHN2ZyB3aWR0aD0iMSIgaGVpZ2h0PSIxIiB4bWxucz0iaHR0cDovL3d3dy53My5vcmcvMjAwMC9zdmciPjwvc3ZnPg==\" style=\"--smush-placeholder-width: 800px; --smush-placeholder-aspect-ratio: 800\/600;\" \/><\/p>\n<p>Nuestra siguiente parada fue Bielsa. Otro bonito y peque\u00f1o pueblo, ya espa\u00f1ol, donde paramos a comer. Como casi siempre, al llegar ya estaba todo cerrando, pero encontramos un restaurante donde nos sirvieron hamburguesas y migas.<\/p>\n<p><img decoding=\"async\" class=\"aligncenter size-full wp-image-152 lazyload\" data-src=\"http:\/\/perandkens.com\/wp-content\/uploads\/2018\/09\/IMG_20180615_162336.jpg\" alt=\"\" width=\"800\" height=\"452\" data-srcset=\"https:\/\/perandkens.com\/wp-content\/uploads\/2018\/09\/IMG_20180615_162336.jpg 800w, https:\/\/perandkens.com\/wp-content\/uploads\/2018\/09\/IMG_20180615_162336-300x170.jpg 300w, https:\/\/perandkens.com\/wp-content\/uploads\/2018\/09\/IMG_20180615_162336-768x434.jpg 768w, https:\/\/perandkens.com\/wp-content\/uploads\/2018\/09\/IMG_20180615_162336-700x396.jpg 700w\" data-sizes=\"(max-width: 800px) 100vw, 800px\" src=\"data:image\/svg+xml;base64,PHN2ZyB3aWR0aD0iMSIgaGVpZ2h0PSIxIiB4bWxucz0iaHR0cDovL3d3dy53My5vcmcvMjAwMC9zdmciPjwvc3ZnPg==\" style=\"--smush-placeholder-width: 800px; --smush-placeholder-aspect-ratio: 800\/452;\" \/><\/p>\n<p><img decoding=\"async\" class=\"aligncenter size-full wp-image-154 lazyload\" data-src=\"http:\/\/perandkens.com\/wp-content\/uploads\/2018\/09\/IMG_20180615_153407.jpg\" alt=\"\" width=\"800\" height=\"600\" data-srcset=\"https:\/\/perandkens.com\/wp-content\/uploads\/2018\/09\/IMG_20180615_153407.jpg 800w, https:\/\/perandkens.com\/wp-content\/uploads\/2018\/09\/IMG_20180615_153407-300x225.jpg 300w, https:\/\/perandkens.com\/wp-content\/uploads\/2018\/09\/IMG_20180615_153407-768x576.jpg 768w, https:\/\/perandkens.com\/wp-content\/uploads\/2018\/09\/IMG_20180615_153407-700x525.jpg 700w\" data-sizes=\"(max-width: 800px) 100vw, 800px\" src=\"data:image\/svg+xml;base64,PHN2ZyB3aWR0aD0iMSIgaGVpZ2h0PSIxIiB4bWxucz0iaHR0cDovL3d3dy53My5vcmcvMjAwMC9zdmciPjwvc3ZnPg==\" style=\"--smush-placeholder-width: 800px; --smush-placeholder-aspect-ratio: 800\/600;\" \/><\/p>\n<p><img decoding=\"async\" class=\"aligncenter size-full wp-image-151 lazyload\" data-src=\"http:\/\/perandkens.com\/wp-content\/uploads\/2018\/09\/IMG_20180615_155137.jpg\" alt=\"\" width=\"800\" height=\"1067\" data-srcset=\"https:\/\/perandkens.com\/wp-content\/uploads\/2018\/09\/IMG_20180615_155137.jpg 800w, https:\/\/perandkens.com\/wp-content\/uploads\/2018\/09\/IMG_20180615_155137-225x300.jpg 225w, https:\/\/perandkens.com\/wp-content\/uploads\/2018\/09\/IMG_20180615_155137-768x1024.jpg 768w, https:\/\/perandkens.com\/wp-content\/uploads\/2018\/09\/IMG_20180615_155137-600x800.jpg 600w, https:\/\/perandkens.com\/wp-content\/uploads\/2018\/09\/IMG_20180615_155137-700x934.jpg 700w\" data-sizes=\"(max-width: 800px) 100vw, 800px\" src=\"data:image\/svg+xml;base64,PHN2ZyB3aWR0aD0iMSIgaGVpZ2h0PSIxIiB4bWxucz0iaHR0cDovL3d3dy53My5vcmcvMjAwMC9zdmciPjwvc3ZnPg==\" style=\"--smush-placeholder-width: 800px; --smush-placeholder-aspect-ratio: 800\/1067;\" \/><\/p>\n<p>Despu\u00e9s de aqu\u00ed, partimos hacia Barbastro, donde nos esperaban muchos colegas de m\u00e1quinas. \u00a1Comenzaba la concentraci\u00f3n Pan European!<\/p>\n<div id=\"attachment_153\" style=\"width: 810px\" class=\"wp-caption aligncenter\"><img decoding=\"async\" aria-describedby=\"caption-attachment-153\" class=\"size-full wp-image-153 lazyload\" data-src=\"http:\/\/perandkens.com\/wp-content\/uploads\/2018\/09\/IMG_20180615_183209.jpg\" alt=\"\" width=\"800\" height=\"452\" data-srcset=\"https:\/\/perandkens.com\/wp-content\/uploads\/2018\/09\/IMG_20180615_183209.jpg 800w, https:\/\/perandkens.com\/wp-content\/uploads\/2018\/09\/IMG_20180615_183209-300x170.jpg 300w, https:\/\/perandkens.com\/wp-content\/uploads\/2018\/09\/IMG_20180615_183209-768x434.jpg 768w, https:\/\/perandkens.com\/wp-content\/uploads\/2018\/09\/IMG_20180615_183209-700x396.jpg 700w\" data-sizes=\"(max-width: 800px) 100vw, 800px\" src=\"data:image\/svg+xml;base64,PHN2ZyB3aWR0aD0iMSIgaGVpZ2h0PSIxIiB4bWxucz0iaHR0cDovL3d3dy53My5vcmcvMjAwMC9zdmciPjwvc3ZnPg==\" style=\"--smush-placeholder-width: 800px; --smush-placeholder-aspect-ratio: 800\/452;\" \/><p id=\"caption-attachment-153\" class=\"wp-caption-text\">\u00a1Muchas Pans en el parking del Hotel!<\/p><\/div>\n<p><strong><a href=\"http:\/\/perandkens.com\/?p=113\">Cap\u00edtulo 8 \u2013 Y por fin, los Pirineos<\/a><\/strong><\/p>\n<p><strong><a href=\"http:\/\/perandkens.com\/?p=158\">Cap\u00edtulo 10 \u2013 A\u00ednsa \u2013 Graus<\/a><\/strong><\/p>\n","protected":false},"excerpt":{"rendered":"<p>El objetivo del 15 de junio era llegar a Barbastro, donde nos esperaba la III Concentraci\u00f3n del Foro Pan European. Pero llegados a este punto, no \u00edbamos a perder la oportunidad de cruzar a Francia y visitar algunas de sus peque\u00f1as ciudades. La previsi\u00f3n meteorol\u00f3gica&#8230;<\/p>\n","protected":false},"author":1,"featured_media":147,"comment_status":"open","ping_status":"open","sticky":false,"template":"","format":"standard","meta":{"footnotes":""},"categories":[6],"tags":[],"class_list":["post-139","post","type-post","status-publish","format-standard","has-post-thumbnail","hentry","category-vuelta2018"],"_links":{"self":[{"href":"https:\/\/perandkens.com\/index.php?rest_route=\/wp\/v2\/posts\/139","targetHints":{"allow":["GET"]}}],"collection":[{"href":"https:\/\/perandkens.com\/index.php?rest_route=\/wp\/v2\/posts"}],"about":[{"href":"https:\/\/perandkens.com\/index.php?rest_route=\/wp\/v2\/types\/post"}],"author":[{"embeddable":true,"href":"https:\/\/perandkens.com\/index.php?rest_route=\/wp\/v2\/users\/1"}],"replies":[{"embeddable":true,"href":"https:\/\/perandkens.com\/index.php?rest_route=%2Fwp%2Fv2%2Fcomments&post=139"}],"version-history":[{"count":3,"href":"https:\/\/perandkens.com\/index.php?rest_route=\/wp\/v2\/posts\/139\/revisions"}],"predecessor-version":[{"id":365,"href":"https:\/\/perandkens.com\/index.php?rest_route=\/wp\/v2\/posts\/139\/revisions\/365"}],"wp:featuredmedia":[{"embeddable":true,"href":"https:\/\/perandkens.com\/index.php?rest_route=\/wp\/v2\/media\/147"}],"wp:attachment":[{"href":"https:\/\/perandkens.com\/index.php?rest_route=%2Fwp%2Fv2%2Fmedia&parent=139"}],"wp:term":[{"taxonomy":"category","embeddable":true,"href":"https:\/\/perandkens.com\/index.php?rest_route=%2Fwp%2Fv2%2Fcategories&post=139"},{"taxonomy":"post_tag","embeddable":true,"href":"https:\/\/perandkens.com\/index.php?rest_route=%2Fwp%2Fv2%2Ftags&post=139"}],"curies":[{"name":"wp","href":"https:\/\/api.w.org\/{rel}","templated":true}]}}