
{"id":676,"date":"2019-09-18T19:48:10","date_gmt":"2019-09-18T19:48:10","guid":{"rendered":"https:\/\/perandkens.com\/?p=676"},"modified":"2019-09-23T16:12:37","modified_gmt":"2019-09-23T16:12:37","slug":"capitulo-10-nauders-villagi","status":"publish","type":"post","link":"https:\/\/perandkens.com\/?p=676","title":{"rendered":"Cap\u00edtulo 10 &#8211; Nauders &#8211; Villagi"},"content":{"rendered":"<p>El d\u00eda 16 amaneci\u00f3 fresco en el Tirol Austr\u00edaco, y nos levantamos con mucha ilusi\u00f3n, ya que nos esperaba una de las etapas m\u00edticas del viaje: El Passo dello Stelvio, una de las visitas casi obligadas que todo motero debe hacer al menos una vez en la vida. Y la verdad es que no defraud\u00f3.<\/p>\n<div id=\"attachment_677\" style=\"width: 810px\" class=\"wp-caption aligncenter\"><img decoding=\"async\" aria-describedby=\"caption-attachment-677\" class=\"size-full wp-image-677 lazyload\" data-src=\"https:\/\/perandkens.com\/wp-content\/uploads\/2019\/09\/IMG_20190616_091605.jpg\" alt=\"\" width=\"800\" height=\"452\" data-srcset=\"https:\/\/perandkens.com\/wp-content\/uploads\/2019\/09\/IMG_20190616_091605.jpg 800w, https:\/\/perandkens.com\/wp-content\/uploads\/2019\/09\/IMG_20190616_091605-300x170.jpg 300w, https:\/\/perandkens.com\/wp-content\/uploads\/2019\/09\/IMG_20190616_091605-768x434.jpg 768w, https:\/\/perandkens.com\/wp-content\/uploads\/2019\/09\/IMG_20190616_091605-700x396.jpg 700w\" data-sizes=\"(max-width: 800px) 100vw, 800px\" src=\"data:image\/svg+xml;base64,PHN2ZyB3aWR0aD0iMSIgaGVpZ2h0PSIxIiB4bWxucz0iaHR0cDovL3d3dy53My5vcmcvMjAwMC9zdmciPjwvc3ZnPg==\" style=\"--smush-placeholder-width: 800px; --smush-placeholder-aspect-ratio: 800\/452;\" \/><p id=\"caption-attachment-677\" class=\"wp-caption-text\">Hotel Motero Engadin. \u00a1Muy recomendable!<\/p><\/div>\n<div id=\"attachment_678\" style=\"width: 810px\" class=\"wp-caption aligncenter\"><img decoding=\"async\" aria-describedby=\"caption-attachment-678\" class=\"size-full wp-image-678 lazyload\" data-src=\"https:\/\/perandkens.com\/wp-content\/uploads\/2019\/09\/IMG_20190616_091927.jpg\" alt=\"\" width=\"800\" height=\"452\" data-srcset=\"https:\/\/perandkens.com\/wp-content\/uploads\/2019\/09\/IMG_20190616_091927.jpg 800w, https:\/\/perandkens.com\/wp-content\/uploads\/2019\/09\/IMG_20190616_091927-300x170.jpg 300w, https:\/\/perandkens.com\/wp-content\/uploads\/2019\/09\/IMG_20190616_091927-768x434.jpg 768w, https:\/\/perandkens.com\/wp-content\/uploads\/2019\/09\/IMG_20190616_091927-700x396.jpg 700w\" data-sizes=\"(max-width: 800px) 100vw, 800px\" src=\"data:image\/svg+xml;base64,PHN2ZyB3aWR0aD0iMSIgaGVpZ2h0PSIxIiB4bWxucz0iaHR0cDovL3d3dy53My5vcmcvMjAwMC9zdmciPjwvc3ZnPg==\" style=\"--smush-placeholder-width: 800px; --smush-placeholder-aspect-ratio: 800\/452;\" \/><p id=\"caption-attachment-678\" class=\"wp-caption-text\">Saliendo del parking-taller<\/p><\/div>\n<div id=\"attachment_679\" style=\"width: 810px\" class=\"wp-caption aligncenter\"><img decoding=\"async\" aria-describedby=\"caption-attachment-679\" class=\"size-full wp-image-679 lazyload\" data-src=\"https:\/\/perandkens.com\/wp-content\/uploads\/2019\/09\/IMG_20190616_095944.jpg\" alt=\"\" width=\"800\" height=\"452\" data-srcset=\"https:\/\/perandkens.com\/wp-content\/uploads\/2019\/09\/IMG_20190616_095944.jpg 800w, https:\/\/perandkens.com\/wp-content\/uploads\/2019\/09\/IMG_20190616_095944-300x170.jpg 300w, https:\/\/perandkens.com\/wp-content\/uploads\/2019\/09\/IMG_20190616_095944-768x434.jpg 768w, https:\/\/perandkens.com\/wp-content\/uploads\/2019\/09\/IMG_20190616_095944-700x396.jpg 700w\" data-sizes=\"(max-width: 800px) 100vw, 800px\" src=\"data:image\/svg+xml;base64,PHN2ZyB3aWR0aD0iMSIgaGVpZ2h0PSIxIiB4bWxucz0iaHR0cDovL3d3dy53My5vcmcvMjAwMC9zdmciPjwvc3ZnPg==\" style=\"--smush-placeholder-width: 800px; --smush-placeholder-aspect-ratio: 800\/452;\" \/><p id=\"caption-attachment-679\" class=\"wp-caption-text\">\u00daltima parada antes de comenzar el ascenso.<\/p><\/div>\n<p>Tras muchos kil\u00f3metros llaneando a trav\u00e9s de impresionantes monta\u00f1as, algunos lagos y bonitos pueblos, comenzamos a ascender. A ratos hab\u00eda tramos \u00abligeros\u00bb, pero en general, predominaban curvas muy muy cerradas que enlazaban unas con otras en pocos metros. Al igual que en el Col du Grand Saint-Bernard, el paisaje iba cambiando y la temperatura iba bajando. En pocos minutos, est\u00e1bamos rodeados de peque\u00f1os riachuelos y, cada vez, m\u00e1s nieve, hasta hacerse la dominadora del horizonte.<\/p>\n<div id=\"attachment_680\" style=\"width: 810px\" class=\"wp-caption aligncenter\"><img decoding=\"async\" aria-describedby=\"caption-attachment-680\" class=\"size-full wp-image-680 lazyload\" data-src=\"https:\/\/perandkens.com\/wp-content\/uploads\/2019\/09\/IMG_20190616_105612.jpg\" alt=\"\" width=\"800\" height=\"452\" data-srcset=\"https:\/\/perandkens.com\/wp-content\/uploads\/2019\/09\/IMG_20190616_105612.jpg 800w, https:\/\/perandkens.com\/wp-content\/uploads\/2019\/09\/IMG_20190616_105612-300x170.jpg 300w, https:\/\/perandkens.com\/wp-content\/uploads\/2019\/09\/IMG_20190616_105612-768x434.jpg 768w, https:\/\/perandkens.com\/wp-content\/uploads\/2019\/09\/IMG_20190616_105612-700x396.jpg 700w\" data-sizes=\"(max-width: 800px) 100vw, 800px\" src=\"data:image\/svg+xml;base64,PHN2ZyB3aWR0aD0iMSIgaGVpZ2h0PSIxIiB4bWxucz0iaHR0cDovL3d3dy53My5vcmcvMjAwMC9zdmciPjwvc3ZnPg==\" style=\"--smush-placeholder-width: 800px; --smush-placeholder-aspect-ratio: 800\/452;\" \/><p id=\"caption-attachment-680\" class=\"wp-caption-text\">Algunas curvas del lado Austr\u00edaco<\/p><\/div>\n<div id=\"attachment_681\" style=\"width: 810px\" class=\"wp-caption aligncenter\"><img decoding=\"async\" aria-describedby=\"caption-attachment-681\" class=\"size-full wp-image-681 lazyload\" data-src=\"https:\/\/perandkens.com\/wp-content\/uploads\/2019\/09\/IMG_20190616_105718.jpg\" alt=\"\" width=\"800\" height=\"452\" data-srcset=\"https:\/\/perandkens.com\/wp-content\/uploads\/2019\/09\/IMG_20190616_105718.jpg 800w, https:\/\/perandkens.com\/wp-content\/uploads\/2019\/09\/IMG_20190616_105718-300x170.jpg 300w, https:\/\/perandkens.com\/wp-content\/uploads\/2019\/09\/IMG_20190616_105718-768x434.jpg 768w, https:\/\/perandkens.com\/wp-content\/uploads\/2019\/09\/IMG_20190616_105718-700x396.jpg 700w\" data-sizes=\"(max-width: 800px) 100vw, 800px\" src=\"data:image\/svg+xml;base64,PHN2ZyB3aWR0aD0iMSIgaGVpZ2h0PSIxIiB4bWxucz0iaHR0cDovL3d3dy53My5vcmcvMjAwMC9zdmciPjwvc3ZnPg==\" style=\"--smush-placeholder-width: 800px; --smush-placeholder-aspect-ratio: 800\/452;\" \/><p id=\"caption-attachment-681\" class=\"wp-caption-text\">Abel y su flamante R850R<\/p><\/div>\n<div id=\"attachment_682\" style=\"width: 810px\" class=\"wp-caption aligncenter\"><img decoding=\"async\" aria-describedby=\"caption-attachment-682\" class=\"wp-image-682 size-full lazyload\" data-src=\"https:\/\/perandkens.com\/wp-content\/uploads\/2019\/09\/IMG_20190616_105845.jpg\" alt=\"\" width=\"800\" height=\"452\" data-srcset=\"https:\/\/perandkens.com\/wp-content\/uploads\/2019\/09\/IMG_20190616_105845.jpg 800w, https:\/\/perandkens.com\/wp-content\/uploads\/2019\/09\/IMG_20190616_105845-300x170.jpg 300w, https:\/\/perandkens.com\/wp-content\/uploads\/2019\/09\/IMG_20190616_105845-768x434.jpg 768w, https:\/\/perandkens.com\/wp-content\/uploads\/2019\/09\/IMG_20190616_105845-700x396.jpg 700w\" data-sizes=\"(max-width: 800px) 100vw, 800px\" src=\"data:image\/svg+xml;base64,PHN2ZyB3aWR0aD0iMSIgaGVpZ2h0PSIxIiB4bWxucz0iaHR0cDovL3d3dy53My5vcmcvMjAwMC9zdmciPjwvc3ZnPg==\" style=\"--smush-placeholder-width: 800px; --smush-placeholder-aspect-ratio: 800\/452;\" \/><p id=\"caption-attachment-682\" class=\"wp-caption-text\">Unos posando&#8230; otros ajustando la GoPro (\u00a1No dejes de ver e v\u00eddeo al final del cap\u00edtulo!)<\/p><\/div>\n<div id=\"attachment_683\" style=\"width: 810px\" class=\"wp-caption aligncenter\"><img decoding=\"async\" aria-describedby=\"caption-attachment-683\" class=\"size-full wp-image-683 lazyload\" data-src=\"https:\/\/perandkens.com\/wp-content\/uploads\/2019\/09\/IMG_20190616_111220.jpg\" alt=\"\" width=\"800\" height=\"452\" data-srcset=\"https:\/\/perandkens.com\/wp-content\/uploads\/2019\/09\/IMG_20190616_111220.jpg 800w, https:\/\/perandkens.com\/wp-content\/uploads\/2019\/09\/IMG_20190616_111220-300x170.jpg 300w, https:\/\/perandkens.com\/wp-content\/uploads\/2019\/09\/IMG_20190616_111220-768x434.jpg 768w, https:\/\/perandkens.com\/wp-content\/uploads\/2019\/09\/IMG_20190616_111220-700x396.jpg 700w\" data-sizes=\"(max-width: 800px) 100vw, 800px\" src=\"data:image\/svg+xml;base64,PHN2ZyB3aWR0aD0iMSIgaGVpZ2h0PSIxIiB4bWxucz0iaHR0cDovL3d3dy53My5vcmcvMjAwMC9zdmciPjwvc3ZnPg==\" style=\"--smush-placeholder-width: 800px; --smush-placeholder-aspect-ratio: 800\/452;\" \/><p id=\"caption-attachment-683\" class=\"wp-caption-text\">Arriba todo era nieve. \u00daltima parada antes del Stelvio.<\/p><\/div>\n<div id=\"attachment_684\" style=\"width: 810px\" class=\"wp-caption aligncenter\"><img decoding=\"async\" aria-describedby=\"caption-attachment-684\" class=\"size-full wp-image-684 lazyload\" data-src=\"https:\/\/perandkens.com\/wp-content\/uploads\/2019\/09\/IMG_20190616_111809.jpg\" alt=\"\" width=\"800\" height=\"600\" data-srcset=\"https:\/\/perandkens.com\/wp-content\/uploads\/2019\/09\/IMG_20190616_111809.jpg 800w, https:\/\/perandkens.com\/wp-content\/uploads\/2019\/09\/IMG_20190616_111809-300x225.jpg 300w, https:\/\/perandkens.com\/wp-content\/uploads\/2019\/09\/IMG_20190616_111809-768x576.jpg 768w, https:\/\/perandkens.com\/wp-content\/uploads\/2019\/09\/IMG_20190616_111809-700x525.jpg 700w\" data-sizes=\"(max-width: 800px) 100vw, 800px\" src=\"data:image\/svg+xml;base64,PHN2ZyB3aWR0aD0iMSIgaGVpZ2h0PSIxIiB4bWxucz0iaHR0cDovL3d3dy53My5vcmcvMjAwMC9zdmciPjwvc3ZnPg==\" style=\"--smush-placeholder-width: 800px; --smush-placeholder-aspect-ratio: 800\/600;\" \/><p id=\"caption-attachment-684\" class=\"wp-caption-text\">\u00a1Ya queda muy poco!<\/p><\/div>\n<p>Durante toda la subida no dejamos de cruzarnos con decenas de motos y ciclistas, que en ese momento me parec\u00edan super h\u00e9roes. \u00a1Hasta en moto cansa subir hasta los\u00a02.757 metros del puerto!<\/p>\n<p>Una vez arriba, nos sentimos embriagados por el ambiente motero (y ciclista). Algunos no nos pudimos resistir a comprar camisetas y pegatinas. Era incesante el pasar de motos, trail, touring, racing,&#8230; no importaba la montura que llevaras. All\u00ed eras bien recibido.<\/p>\n<p>Conocimos all\u00ed a Vicente, otro viajero motero que llevaba ya unos 8000 Km. por Europa y con intercambiamos an\u00e9cdotas de nuestros viajes. Hubo tan buena sinton\u00eda que nos acompa\u00f1\u00f3 gran parte del d\u00eda.<\/p>\n<p>Tras comer una especie de perrito caliente a lo bestia que serv\u00edan all\u00ed, comenzamos la bajada por el lado italiano&#8230; \u00a1qu\u00e9 pasada! \u00a1Menudas vistas! Adem\u00e1s, la carretera algo m\u00e1s r\u00e1pida, aunque eran tal la cantidad de tr\u00e1fico que bajaba que tampoco pod\u00edas ir muy alegre.<\/p>\n<div id=\"attachment_686\" style=\"width: 810px\" class=\"wp-caption aligncenter\"><img decoding=\"async\" aria-describedby=\"caption-attachment-686\" class=\"size-full wp-image-686 lazyload\" data-src=\"https:\/\/perandkens.com\/wp-content\/uploads\/2019\/09\/IMG_20190616_114340.jpg\" alt=\"\" width=\"800\" height=\"600\" data-srcset=\"https:\/\/perandkens.com\/wp-content\/uploads\/2019\/09\/IMG_20190616_114340.jpg 800w, https:\/\/perandkens.com\/wp-content\/uploads\/2019\/09\/IMG_20190616_114340-300x225.jpg 300w, https:\/\/perandkens.com\/wp-content\/uploads\/2019\/09\/IMG_20190616_114340-768x576.jpg 768w, https:\/\/perandkens.com\/wp-content\/uploads\/2019\/09\/IMG_20190616_114340-700x525.jpg 700w\" data-sizes=\"(max-width: 800px) 100vw, 800px\" src=\"data:image\/svg+xml;base64,PHN2ZyB3aWR0aD0iMSIgaGVpZ2h0PSIxIiB4bWxucz0iaHR0cDovL3d3dy53My5vcmcvMjAwMC9zdmciPjwvc3ZnPg==\" style=\"--smush-placeholder-width: 800px; --smush-placeholder-aspect-ratio: 800\/600;\" \/><p id=\"caption-attachment-686\" class=\"wp-caption-text\">Con la gorra de la Asociaci\u00f3n Pan European en el Stelvio<\/p><\/div>\n<div id=\"attachment_688\" style=\"width: 810px\" class=\"wp-caption aligncenter\"><img decoding=\"async\" aria-describedby=\"caption-attachment-688\" class=\"size-full wp-image-688 lazyload\" data-src=\"https:\/\/perandkens.com\/wp-content\/uploads\/2019\/09\/IMG_20190616_115933.jpg\" alt=\"\" width=\"800\" height=\"452\" data-srcset=\"https:\/\/perandkens.com\/wp-content\/uploads\/2019\/09\/IMG_20190616_115933.jpg 800w, https:\/\/perandkens.com\/wp-content\/uploads\/2019\/09\/IMG_20190616_115933-300x170.jpg 300w, https:\/\/perandkens.com\/wp-content\/uploads\/2019\/09\/IMG_20190616_115933-768x434.jpg 768w, https:\/\/perandkens.com\/wp-content\/uploads\/2019\/09\/IMG_20190616_115933-700x396.jpg 700w\" data-sizes=\"(max-width: 800px) 100vw, 800px\" src=\"data:image\/svg+xml;base64,PHN2ZyB3aWR0aD0iMSIgaGVpZ2h0PSIxIiB4bWxucz0iaHR0cDovL3d3dy53My5vcmcvMjAwMC9zdmciPjwvc3ZnPg==\" style=\"--smush-placeholder-width: 800px; --smush-placeholder-aspect-ratio: 800\/452;\" \/><p id=\"caption-attachment-688\" class=\"wp-caption-text\">A\u00fan nos falta un pa\u00eds del mapa&#8230; y otro m\u00e1s&#8230;<\/p><\/div>\n<div id=\"attachment_689\" style=\"width: 810px\" class=\"wp-caption aligncenter\"><img decoding=\"async\" aria-describedby=\"caption-attachment-689\" class=\"size-full wp-image-689 lazyload\" data-src=\"https:\/\/perandkens.com\/wp-content\/uploads\/2019\/09\/IMG_20190616_120217.jpg\" alt=\"\" width=\"800\" height=\"600\" data-srcset=\"https:\/\/perandkens.com\/wp-content\/uploads\/2019\/09\/IMG_20190616_120217.jpg 800w, https:\/\/perandkens.com\/wp-content\/uploads\/2019\/09\/IMG_20190616_120217-300x225.jpg 300w, https:\/\/perandkens.com\/wp-content\/uploads\/2019\/09\/IMG_20190616_120217-768x576.jpg 768w, https:\/\/perandkens.com\/wp-content\/uploads\/2019\/09\/IMG_20190616_120217-700x525.jpg 700w\" data-sizes=\"(max-width: 800px) 100vw, 800px\" src=\"data:image\/svg+xml;base64,PHN2ZyB3aWR0aD0iMSIgaGVpZ2h0PSIxIiB4bWxucz0iaHR0cDovL3d3dy53My5vcmcvMjAwMC9zdmciPjwvc3ZnPg==\" style=\"--smush-placeholder-width: 800px; --smush-placeholder-aspect-ratio: 800\/600;\" \/><p id=\"caption-attachment-689\" class=\"wp-caption-text\">La alegr\u00eda de recuperar fuerzas.<\/p><\/div>\n<div id=\"attachment_690\" style=\"width: 810px\" class=\"wp-caption aligncenter\"><img decoding=\"async\" aria-describedby=\"caption-attachment-690\" class=\"size-full wp-image-690 lazyload\" data-src=\"https:\/\/perandkens.com\/wp-content\/uploads\/2019\/09\/IMG_20190616_120734.jpg\" alt=\"\" width=\"800\" height=\"600\" data-srcset=\"https:\/\/perandkens.com\/wp-content\/uploads\/2019\/09\/IMG_20190616_120734.jpg 800w, https:\/\/perandkens.com\/wp-content\/uploads\/2019\/09\/IMG_20190616_120734-300x225.jpg 300w, https:\/\/perandkens.com\/wp-content\/uploads\/2019\/09\/IMG_20190616_120734-768x576.jpg 768w, https:\/\/perandkens.com\/wp-content\/uploads\/2019\/09\/IMG_20190616_120734-700x525.jpg 700w\" data-sizes=\"(max-width: 800px) 100vw, 800px\" src=\"data:image\/svg+xml;base64,PHN2ZyB3aWR0aD0iMSIgaGVpZ2h0PSIxIiB4bWxucz0iaHR0cDovL3d3dy53My5vcmcvMjAwMC9zdmciPjwvc3ZnPg==\" style=\"--smush-placeholder-width: 800px; --smush-placeholder-aspect-ratio: 800\/600;\" \/><p id=\"caption-attachment-690\" class=\"wp-caption-text\">La dieta del Stelvio<\/p><\/div>\n<div id=\"attachment_691\" style=\"width: 810px\" class=\"wp-caption aligncenter\"><img decoding=\"async\" aria-describedby=\"caption-attachment-691\" class=\"size-full wp-image-691 lazyload\" data-src=\"https:\/\/perandkens.com\/wp-content\/uploads\/2019\/09\/Vicente-Sala-Stelvio.jpg\" alt=\"\" width=\"800\" height=\"600\" data-srcset=\"https:\/\/perandkens.com\/wp-content\/uploads\/2019\/09\/Vicente-Sala-Stelvio.jpg 800w, https:\/\/perandkens.com\/wp-content\/uploads\/2019\/09\/Vicente-Sala-Stelvio-300x225.jpg 300w, https:\/\/perandkens.com\/wp-content\/uploads\/2019\/09\/Vicente-Sala-Stelvio-768x576.jpg 768w, https:\/\/perandkens.com\/wp-content\/uploads\/2019\/09\/Vicente-Sala-Stelvio-700x525.jpg 700w\" data-sizes=\"(max-width: 800px) 100vw, 800px\" src=\"data:image\/svg+xml;base64,PHN2ZyB3aWR0aD0iMSIgaGVpZ2h0PSIxIiB4bWxucz0iaHR0cDovL3d3dy53My5vcmcvMjAwMC9zdmciPjwvc3ZnPg==\" style=\"--smush-placeholder-width: 800px; --smush-placeholder-aspect-ratio: 800\/600;\" \/><p id=\"caption-attachment-691\" class=\"wp-caption-text\">\u00a1Estamos aqu\u00ed! Los Per&amp;Kens con Vicente Sala<\/p><\/div>\n<p>Los diez grados que hab\u00eda arriba poco a poco fueron ascendiendo, hasta llegar a 30 grados, lo que nos hac\u00eda tener m\u00e1s ganas de llegar a nuestro siguiente destino: El Lago Como. Nos llam\u00f3 la atenci\u00f3n una largu\u00edsima recta interminable y lenta por el tr\u00e1fico, entre Madona de Tirano y Morbegno. \u00a1Unos 52 kil\u00f3metros sin curvas! Y no olvides los 30 grados&#8230; Tras un par de paradas con helado incluido, llegamos al Lago, donde nos dimos un merecido y refrescante ba\u00f1o. \u00a1No daban ganas de salir del agua! Y eso que estaba muy muy fresquita.<\/p>\n<div id=\"attachment_692\" style=\"width: 810px\" class=\"wp-caption aligncenter\"><img decoding=\"async\" aria-describedby=\"caption-attachment-692\" class=\"size-full wp-image-692 lazyload\" data-src=\"https:\/\/perandkens.com\/wp-content\/uploads\/2019\/09\/IMG_20190616_141642.jpg\" alt=\"\" width=\"800\" height=\"600\" data-srcset=\"https:\/\/perandkens.com\/wp-content\/uploads\/2019\/09\/IMG_20190616_141642.jpg 800w, https:\/\/perandkens.com\/wp-content\/uploads\/2019\/09\/IMG_20190616_141642-300x225.jpg 300w, https:\/\/perandkens.com\/wp-content\/uploads\/2019\/09\/IMG_20190616_141642-768x576.jpg 768w, https:\/\/perandkens.com\/wp-content\/uploads\/2019\/09\/IMG_20190616_141642-700x525.jpg 700w\" data-sizes=\"(max-width: 800px) 100vw, 800px\" src=\"data:image\/svg+xml;base64,PHN2ZyB3aWR0aD0iMSIgaGVpZ2h0PSIxIiB4bWxucz0iaHR0cDovL3d3dy53My5vcmcvMjAwMC9zdmciPjwvc3ZnPg==\" style=\"--smush-placeholder-width: 800px; --smush-placeholder-aspect-ratio: 800\/600;\" \/><p id=\"caption-attachment-692\" class=\"wp-caption-text\">Para para el helado y&#8230; \u00a1seguimos!<\/p><\/div>\n<div id=\"attachment_693\" style=\"width: 810px\" class=\"wp-caption aligncenter\"><img decoding=\"async\" aria-describedby=\"caption-attachment-693\" class=\"size-full wp-image-693 lazyload\" data-src=\"https:\/\/perandkens.com\/wp-content\/uploads\/2019\/09\/IMG_20190616_164108.jpg\" alt=\"\" width=\"800\" height=\"452\" data-srcset=\"https:\/\/perandkens.com\/wp-content\/uploads\/2019\/09\/IMG_20190616_164108.jpg 800w, https:\/\/perandkens.com\/wp-content\/uploads\/2019\/09\/IMG_20190616_164108-300x170.jpg 300w, https:\/\/perandkens.com\/wp-content\/uploads\/2019\/09\/IMG_20190616_164108-768x434.jpg 768w, https:\/\/perandkens.com\/wp-content\/uploads\/2019\/09\/IMG_20190616_164108-700x396.jpg 700w\" data-sizes=\"(max-width: 800px) 100vw, 800px\" src=\"data:image\/svg+xml;base64,PHN2ZyB3aWR0aD0iMSIgaGVpZ2h0PSIxIiB4bWxucz0iaHR0cDovL3d3dy53My5vcmcvMjAwMC9zdmciPjwvc3ZnPg==\" style=\"--smush-placeholder-width: 800px; --smush-placeholder-aspect-ratio: 800\/452;\" \/><p id=\"caption-attachment-693\" class=\"wp-caption-text\">\u00a1Un buen ba\u00f1o en el Lago Como!<\/p><\/div>\n<div id=\"attachment_694\" style=\"width: 810px\" class=\"wp-caption aligncenter\"><img decoding=\"async\" aria-describedby=\"caption-attachment-694\" class=\"size-full wp-image-694 lazyload\" data-src=\"https:\/\/perandkens.com\/wp-content\/uploads\/2019\/09\/IMG_20190616_170552.jpg\" alt=\"\" width=\"800\" height=\"600\" data-srcset=\"https:\/\/perandkens.com\/wp-content\/uploads\/2019\/09\/IMG_20190616_170552.jpg 800w, https:\/\/perandkens.com\/wp-content\/uploads\/2019\/09\/IMG_20190616_170552-300x225.jpg 300w, https:\/\/perandkens.com\/wp-content\/uploads\/2019\/09\/IMG_20190616_170552-768x576.jpg 768w, https:\/\/perandkens.com\/wp-content\/uploads\/2019\/09\/IMG_20190616_170552-700x525.jpg 700w\" data-sizes=\"(max-width: 800px) 100vw, 800px\" src=\"data:image\/svg+xml;base64,PHN2ZyB3aWR0aD0iMSIgaGVpZ2h0PSIxIiB4bWxucz0iaHR0cDovL3d3dy53My5vcmcvMjAwMC9zdmciPjwvc3ZnPg==\" style=\"--smush-placeholder-width: 800px; --smush-placeholder-aspect-ratio: 800\/600;\" \/><p id=\"caption-attachment-694\" class=\"wp-caption-text\">Felices por estar m\u00e1s frescos (Unos m\u00e1s que otros)<\/p><\/div>\n<div id=\"attachment_695\" style=\"width: 810px\" class=\"wp-caption aligncenter\"><img decoding=\"async\" aria-describedby=\"caption-attachment-695\" class=\"size-full wp-image-695 lazyload\" data-src=\"https:\/\/perandkens.com\/wp-content\/uploads\/2019\/09\/IMG_20190616_171504.jpg\" alt=\"\" width=\"800\" height=\"452\" data-srcset=\"https:\/\/perandkens.com\/wp-content\/uploads\/2019\/09\/IMG_20190616_171504.jpg 800w, https:\/\/perandkens.com\/wp-content\/uploads\/2019\/09\/IMG_20190616_171504-300x170.jpg 300w, https:\/\/perandkens.com\/wp-content\/uploads\/2019\/09\/IMG_20190616_171504-768x434.jpg 768w, https:\/\/perandkens.com\/wp-content\/uploads\/2019\/09\/IMG_20190616_171504-700x396.jpg 700w\" data-sizes=\"(max-width: 800px) 100vw, 800px\" src=\"data:image\/svg+xml;base64,PHN2ZyB3aWR0aD0iMSIgaGVpZ2h0PSIxIiB4bWxucz0iaHR0cDovL3d3dy53My5vcmcvMjAwMC9zdmciPjwvc3ZnPg==\" style=\"--smush-placeholder-width: 800px; --smush-placeholder-aspect-ratio: 800\/452;\" \/><p id=\"caption-attachment-695\" class=\"wp-caption-text\">\u00bfPara ir al Lago Maggiore? \u00bfDerecha o izquierda?<\/p><\/div>\n<p>Despu\u00e9s de despedirnos de Vicente, partimos hacia nuestra siguiente parada, el Lago di Lugano. Aqu\u00ed solo paramos para disfrutar de las vistas. Cruzamos algunos t\u00faneles, despu\u00e9s de una hora de camino, ya est\u00e1bamos en el Lago Maggiore. \u00a1Y volvimos al agua! Un ba\u00f1o espectacular en un lugar maravilloso, que adem\u00e1s coincid\u00eda con la puesta de Sol. \u00a1No se puede pedir m\u00e1s!<\/p>\n<div id=\"attachment_697\" style=\"width: 810px\" class=\"wp-caption aligncenter\"><img decoding=\"async\" aria-describedby=\"caption-attachment-697\" class=\"size-full wp-image-697 lazyload\" data-src=\"https:\/\/perandkens.com\/wp-content\/uploads\/2019\/09\/IMG_20190616_180130.jpg\" alt=\"\" width=\"800\" height=\"452\" data-srcset=\"https:\/\/perandkens.com\/wp-content\/uploads\/2019\/09\/IMG_20190616_180130.jpg 800w, https:\/\/perandkens.com\/wp-content\/uploads\/2019\/09\/IMG_20190616_180130-300x170.jpg 300w, https:\/\/perandkens.com\/wp-content\/uploads\/2019\/09\/IMG_20190616_180130-768x434.jpg 768w, https:\/\/perandkens.com\/wp-content\/uploads\/2019\/09\/IMG_20190616_180130-700x396.jpg 700w\" data-sizes=\"(max-width: 800px) 100vw, 800px\" src=\"data:image\/svg+xml;base64,PHN2ZyB3aWR0aD0iMSIgaGVpZ2h0PSIxIiB4bWxucz0iaHR0cDovL3d3dy53My5vcmcvMjAwMC9zdmciPjwvc3ZnPg==\" style=\"--smush-placeholder-width: 800px; --smush-placeholder-aspect-ratio: 800\/452;\" \/><p id=\"caption-attachment-697\" class=\"wp-caption-text\">Lago di Lugano<\/p><\/div>\n<div id=\"attachment_698\" style=\"width: 810px\" class=\"wp-caption aligncenter\"><img decoding=\"async\" aria-describedby=\"caption-attachment-698\" class=\"size-full wp-image-698 lazyload\" data-src=\"https:\/\/perandkens.com\/wp-content\/uploads\/2019\/09\/IMG_20190616_200042.jpg\" alt=\"\" width=\"800\" height=\"452\" data-srcset=\"https:\/\/perandkens.com\/wp-content\/uploads\/2019\/09\/IMG_20190616_200042.jpg 800w, https:\/\/perandkens.com\/wp-content\/uploads\/2019\/09\/IMG_20190616_200042-300x170.jpg 300w, https:\/\/perandkens.com\/wp-content\/uploads\/2019\/09\/IMG_20190616_200042-768x434.jpg 768w, https:\/\/perandkens.com\/wp-content\/uploads\/2019\/09\/IMG_20190616_200042-700x396.jpg 700w\" data-sizes=\"(max-width: 800px) 100vw, 800px\" src=\"data:image\/svg+xml;base64,PHN2ZyB3aWR0aD0iMSIgaGVpZ2h0PSIxIiB4bWxucz0iaHR0cDovL3d3dy53My5vcmcvMjAwMC9zdmciPjwvc3ZnPg==\" style=\"--smush-placeholder-width: 800px; --smush-placeholder-aspect-ratio: 800\/452;\" \/><p id=\"caption-attachment-698\" class=\"wp-caption-text\">\u00a1\u00daltimo ba\u00f1o del d\u00eda! Habr\u00e1 m\u00e1s por el camino.<\/p><\/div>\n<div id=\"attachment_699\" style=\"width: 810px\" class=\"wp-caption aligncenter\"><img decoding=\"async\" aria-describedby=\"caption-attachment-699\" class=\"size-full wp-image-699 lazyload\" data-src=\"https:\/\/perandkens.com\/wp-content\/uploads\/2019\/09\/IMG_20190616_200133.jpg\" alt=\"\" width=\"800\" height=\"600\" data-srcset=\"https:\/\/perandkens.com\/wp-content\/uploads\/2019\/09\/IMG_20190616_200133.jpg 800w, https:\/\/perandkens.com\/wp-content\/uploads\/2019\/09\/IMG_20190616_200133-300x225.jpg 300w, https:\/\/perandkens.com\/wp-content\/uploads\/2019\/09\/IMG_20190616_200133-768x576.jpg 768w, https:\/\/perandkens.com\/wp-content\/uploads\/2019\/09\/IMG_20190616_200133-700x525.jpg 700w\" data-sizes=\"(max-width: 800px) 100vw, 800px\" src=\"data:image\/svg+xml;base64,PHN2ZyB3aWR0aD0iMSIgaGVpZ2h0PSIxIiB4bWxucz0iaHR0cDovL3d3dy53My5vcmcvMjAwMC9zdmciPjwvc3ZnPg==\" style=\"--smush-placeholder-width: 800px; --smush-placeholder-aspect-ratio: 800\/600;\" \/><p id=\"caption-attachment-699\" class=\"wp-caption-text\">El Lago Maggiore, un lugar espectacular.<\/p><\/div>\n<p>Poco antes del anochecer, partimos hacia Villagi, al sur del lago, donde ya hab\u00edamos reservado hotel. \u00bfY qu\u00e9 pod\u00edamos cenar en nuestra primera noche en Italia? \u00a1Marchando Pizzas para cuatro!<\/p>\n<div id=\"attachment_700\" style=\"width: 810px\" class=\"wp-caption aligncenter\"><img decoding=\"async\" aria-describedby=\"caption-attachment-700\" class=\"size-full wp-image-700 lazyload\" data-src=\"https:\/\/perandkens.com\/wp-content\/uploads\/2019\/09\/IMG_20190616_220318.jpg\" alt=\"\" width=\"800\" height=\"452\" data-srcset=\"https:\/\/perandkens.com\/wp-content\/uploads\/2019\/09\/IMG_20190616_220318.jpg 800w, https:\/\/perandkens.com\/wp-content\/uploads\/2019\/09\/IMG_20190616_220318-300x170.jpg 300w, https:\/\/perandkens.com\/wp-content\/uploads\/2019\/09\/IMG_20190616_220318-768x434.jpg 768w, https:\/\/perandkens.com\/wp-content\/uploads\/2019\/09\/IMG_20190616_220318-700x396.jpg 700w\" data-sizes=\"(max-width: 800px) 100vw, 800px\" src=\"data:image\/svg+xml;base64,PHN2ZyB3aWR0aD0iMSIgaGVpZ2h0PSIxIiB4bWxucz0iaHR0cDovL3d3dy53My5vcmcvMjAwMC9zdmciPjwvc3ZnPg==\" style=\"--smush-placeholder-width: 800px; --smush-placeholder-aspect-ratio: 800\/452;\" \/><p id=\"caption-attachment-700\" class=\"wp-caption-text\">Hoy las monturas duermen junto a nuestra ventana.<\/p><\/div>\n<div id=\"attachment_701\" style=\"width: 810px\" class=\"wp-caption aligncenter\"><img decoding=\"async\" aria-describedby=\"caption-attachment-701\" class=\"size-full wp-image-701 lazyload\" data-src=\"https:\/\/perandkens.com\/wp-content\/uploads\/2019\/09\/IMG_20190616_223515.jpg\" alt=\"\" width=\"800\" height=\"600\" data-srcset=\"https:\/\/perandkens.com\/wp-content\/uploads\/2019\/09\/IMG_20190616_223515.jpg 800w, https:\/\/perandkens.com\/wp-content\/uploads\/2019\/09\/IMG_20190616_223515-300x225.jpg 300w, https:\/\/perandkens.com\/wp-content\/uploads\/2019\/09\/IMG_20190616_223515-768x576.jpg 768w, https:\/\/perandkens.com\/wp-content\/uploads\/2019\/09\/IMG_20190616_223515-700x525.jpg 700w\" data-sizes=\"(max-width: 800px) 100vw, 800px\" src=\"data:image\/svg+xml;base64,PHN2ZyB3aWR0aD0iMSIgaGVpZ2h0PSIxIiB4bWxucz0iaHR0cDovL3d3dy53My5vcmcvMjAwMC9zdmciPjwvc3ZnPg==\" style=\"--smush-placeholder-width: 800px; --smush-placeholder-aspect-ratio: 800\/600;\" \/><p id=\"caption-attachment-701\" class=\"wp-caption-text\">\u00a1Ricas pizzas!<\/p><\/div>\n<p style=\"text-align: center;\"><iframe data-src=\"https:\/\/www.youtube.com\/embed\/XS0UL8iXJL4\" width=\"840\" height=\"472\" frameborder=\"0\" allowfullscreen=\"allowfullscreen\" src=\"data:image\/svg+xml;base64,PHN2ZyB3aWR0aD0iMSIgaGVpZ2h0PSIxIiB4bWxucz0iaHR0cDovL3d3dy53My5vcmcvMjAwMC9zdmciPjwvc3ZnPg==\" data-load-mode=\"1\"><span data-mce-type=\"bookmark\" style=\"display: inline-block; width: 0px; overflow: hidden; line-height: 0;\" class=\"mce_SELRES_start lazyload\">\ufeff<\/span><\/iframe><\/p>\n<p>&nbsp;<\/p>\n<p><a href=\"https:\/\/perandkens.com\/?p=643\"><strong>Cap\u00edtulo 9 \u2013 Nehren \u2013 Nauders<\/strong><\/a><\/p>\n<p><a href=\"https:\/\/perandkens.com\/?p=711\"><strong>Cap\u00edtulo 11 &#8211; Villagi &#8211; Niza<\/strong><\/a><\/p>\n","protected":false},"excerpt":{"rendered":"<p>El d\u00eda 16 amaneci\u00f3 fresco en el Tirol Austr\u00edaco, y nos levantamos con mucha ilusi\u00f3n, ya que nos esperaba una de las etapas m\u00edticas del viaje: El Passo dello Stelvio, una de las visitas casi obligadas que todo motero debe hacer al menos una vez&#8230;<\/p>\n","protected":false},"author":1,"featured_media":687,"comment_status":"open","ping_status":"open","sticky":false,"template":"","format":"standard","meta":{"footnotes":""},"categories":[7],"tags":[],"class_list":["post-676","post","type-post","status-publish","format-standard","has-post-thumbnail","hentry","category-9-paises-2019"],"_links":{"self":[{"href":"https:\/\/perandkens.com\/index.php?rest_route=\/wp\/v2\/posts\/676","targetHints":{"allow":["GET"]}}],"collection":[{"href":"https:\/\/perandkens.com\/index.php?rest_route=\/wp\/v2\/posts"}],"about":[{"href":"https:\/\/perandkens.com\/index.php?rest_route=\/wp\/v2\/types\/post"}],"author":[{"embeddable":true,"href":"https:\/\/perandkens.com\/index.php?rest_route=\/wp\/v2\/users\/1"}],"replies":[{"embeddable":true,"href":"https:\/\/perandkens.com\/index.php?rest_route=%2Fwp%2Fv2%2Fcomments&post=676"}],"version-history":[{"count":8,"href":"https:\/\/perandkens.com\/index.php?rest_route=\/wp\/v2\/posts\/676\/revisions"}],"predecessor-version":[{"id":737,"href":"https:\/\/perandkens.com\/index.php?rest_route=\/wp\/v2\/posts\/676\/revisions\/737"}],"wp:featuredmedia":[{"embeddable":true,"href":"https:\/\/perandkens.com\/index.php?rest_route=\/wp\/v2\/media\/687"}],"wp:attachment":[{"href":"https:\/\/perandkens.com\/index.php?rest_route=%2Fwp%2Fv2%2Fmedia&parent=676"}],"wp:term":[{"taxonomy":"category","embeddable":true,"href":"https:\/\/perandkens.com\/index.php?rest_route=%2Fwp%2Fv2%2Fcategories&post=676"},{"taxonomy":"post_tag","embeddable":true,"href":"https:\/\/perandkens.com\/index.php?rest_route=%2Fwp%2Fv2%2Ftags&post=676"}],"curies":[{"name":"wp","href":"https:\/\/api.w.org\/{rel}","templated":true}]}}